{"id":2744,"date":"2025-02-22T22:25:54","date_gmt":"2025-02-22T21:25:54","guid":{"rendered":"https:\/\/www.vfl-kirchheim.de\/tischtennis\/?p=2744"},"modified":"2025-02-22T22:27:05","modified_gmt":"2025-02-22T21:27:05","slug":"2744-2","status":"publish","type":"post","link":"https:\/\/www.vfl-kirchheim.de\/tischtennis\/2744-2\/","title":{"rendered":"VfL Jugend erfolgreich bei der Bezirksrangliste"},"content":{"rendered":"<p>Am vergangenen Wochenende fand in Kemnat die Bezirksrangliste der Jugend des Bezirkes Esslingen im Tischtennis statt. Vom VfL Kirchheim hatten sich 6 Spieler in den unterschiedlichen Altersklassen U 11 \u2013 U 19 f\u00fcr die Ausspielung qualifiziert. Die jeweils beiden ersten jeder Konkurrenz qualifizieren sich f\u00fcr die Regionsrangliste am 30.03. in Neuffen.<\/p>\n<p>Alle 7 Akteure des VfL \u00fcberzeugten mit guten Leistungen. Nicht zu schlagen waren bei der U 12 Oliver Brandl und bei der U 15 Filip Nice, die ohne Niederlage den Ranglistensieg erreichten. Arne Spieth (U 14 ) und Sebastian Steinh\u00fcbl (U 19) erreichten mit nur 1 Niederlage einen hervorragenden 2. Platz und sind damit in Neuffen auch dabei. Der noch 14-j\u00e4hrige Simon Kaczmarek k\u00e4mpfte sich bei der AK 19 durch die Vorrundengruppe und erreichte als Gruppenzweiter die Finalrunde. Zwei weitere Siege in der Endrunde ergaben einen sehr starken 4. Platz gegen die durchweg \u00e4ltere Konkurrenz. Florian Brandl spielte bei der U 11 ebenfalls ein gutes Turnier und erreichte Platz 5. Anna He\u00df schaffte als j\u00fcngste Spielerin des Turniers immerhin 2 Siege und erreichte ebenfalls Platz 5 bei den Sch\u00fclerinnen U 11.<\/p>\n<p>Damit war der VfL der mit Abstand erfolgreichste Verein bei der Ranglisten-Ausspielung. Und dabei waren mit Carlo Spieth (U12), Moritz He\u00df (U13) und Wanja Smyrnis (U 19) auch noch absolute Topspieler des VfL aufgrund ihrer guten Leistungen im Vorjahr f\u00fcr die Ausspielung frei gestellt und steigen erst bei der Regionsrangliste ein. Somit geht der VfL mit insgesamt 7 Spielern an der Regionsrangliste Ende M\u00e4rz in Neuffen an den Start. Besonders erfreulich ist, dass der VfL bei fast allen Altersklassen erfolgreich vertreten ist. Ein toller Erfolg der guten Jugendarbeit beim VfL Kirchheim.<\/p>\n","protected":false},"excerpt":{"rendered":"<p>Am vergangenen Wochenende fand in Kemnat die Bezirksrangliste der Jugend des Bezirkes Esslingen im Tischtennis statt. Vom VfL Kirchheim hatten sich 6 Spieler in den unterschiedlichen Altersklassen U 11 \u2013 U 19 f\u00fcr die Ausspielung qualifiziert. Die jeweils beiden ersten jeder Konkurrenz qualifizieren sich f\u00fcr die Regionsrangliste am 30.03. in Neuffen. Alle 7 Akteure des [&hellip;]<\/p>\n","protected":false},"author":4,"featured_media":2745,"comment_status":"closed","ping_status":"closed","sticky":false,"template":"","format":"standard","meta":{"_et_pb_use_builder":"","_et_pb_old_content":"","_et_gb_content_width":"","ngg_post_thumbnail":0},"categories":[1],"tags":[],"_links":{"self":[{"href":"https:\/\/www.vfl-kirchheim.de\/tischtennis\/wp-json\/wp\/v2\/posts\/2744"}],"collection":[{"href":"https:\/\/www.vfl-kirchheim.de\/tischtennis\/wp-json\/wp\/v2\/posts"}],"about":[{"href":"https:\/\/www.vfl-kirchheim.de\/tischtennis\/wp-json\/wp\/v2\/types\/post"}],"author":[{"embeddable":true,"href":"https:\/\/www.vfl-kirchheim.de\/tischtennis\/wp-json\/wp\/v2\/users\/4"}],"replies":[{"embeddable":true,"href":"https:\/\/www.vfl-kirchheim.de\/tischtennis\/wp-json\/wp\/v2\/comments?post=2744"}],"version-history":[{"count":3,"href":"https:\/\/www.vfl-kirchheim.de\/tischtennis\/wp-json\/wp\/v2\/posts\/2744\/revisions"}],"predecessor-version":[{"id":2748,"href":"https:\/\/www.vfl-kirchheim.de\/tischtennis\/wp-json\/wp\/v2\/posts\/2744\/revisions\/2748"}],"wp:featuredmedia":[{"embeddable":true,"href":"https:\/\/www.vfl-kirchheim.de\/tischtennis\/wp-json\/wp\/v2\/media\/2745"}],"wp:attachment":[{"href":"https:\/\/www.vfl-kirchheim.de\/tischtennis\/wp-json\/wp\/v2\/media?parent=2744"}],"wp:term":[{"taxonomy":"category","embeddable":true,"href":"https:\/\/www.vfl-kirchheim.de\/tischtennis\/wp-json\/wp\/v2\/categories?post=2744"},{"taxonomy":"post_tag","embeddable":true,"href":"https:\/\/www.vfl-kirchheim.de\/tischtennis\/wp-json\/wp\/v2\/tags?post=2744"}],"curies":[{"name":"wp","href":"https:\/\/api.w.org\/{rel}","templated":true}]}}